{"id":6928,"date":"2026-08-05T14:16:29","date_gmt":"2026-08-05T17:16:29","guid":{"rendered":"https:\/\/www.programacje.com.ar\/site\/?p=6928"},"modified":"2026-09-01T11:30:10","modified_gmt":"2026-09-01T14:30:10","slug":"que-es-una-comunidad-terapeutica-como-elegir-buenos-aires","status":"publish","type":"post","link":"https:\/\/www.programacje.com.ar\/site\/que-es-una-comunidad-terapeutica-como-elegir-buenos-aires\/","title":{"rendered":"Qu\u00e9 es una comunidad terap\u00e9utica y c\u00f3mo elegir la indicada para tu familia"},"content":{"rendered":"\n<div class=\"wp-block-uagb-container uagb-block-ca3c13ad alignfull uagb-is-root-container\"><div class=\"uagb-container-inner-blocks-wrap\">\n<div class=\"wp-block-uagb-advanced-heading uagb-block-adf2791f\"><h1 class=\"uagb-heading-text\">Qu\u00e9 es una comunidad terap\u00e9utica y c\u00f3mo elegir la indicada para tu familia<\/h1><\/div>\n\n\n\n<p>Cuando una familia empieza a buscar ayuda para un familiar con consumo problem\u00e1tico, se encuentra r\u00e1pido con un t\u00e9rmino que se repite mucho y se explica poco: <strong>comunidad terap\u00e9utica<\/strong>. Esta gu\u00eda responde qu\u00e9 es, c\u00f3mo funciona y qu\u00e9 preguntas conviene hacer antes de elegir una, con el criterio que aplicamos en Centro Juvenil Esperanza (CJE) despu\u00e9s de m\u00e1s de 40 a\u00f1os de trabajo en esta problem\u00e1tica.<br><\/p>\n\n\n\n<h2 class=\"wp-block-heading\" style=\"margin-top:0px;margin-bottom:0px\">\u00bfQu\u00e9 es una comunidad terap\u00e9utica?<\/h2>\n\n\n\n<p style=\"margin-top:0px;margin-bottom:0px\">Una comunidad terap\u00e9utica es un modelo de tratamiento para el consumo problem\u00e1tico en el que la convivencia, el trabajo grupal y el acompa\u00f1amiento profesional constante forman parte activa del proceso de recuperaci\u00f3n, no solo un marco donde ese proceso ocurre. A diferencia de una internaci\u00f3n psiqui\u00e1trica de urgencia o de un tratamiento exclusivamente ambulatorio, combina terapia individual, terapia grupal y actividades (talleres, trabajo social, formaci\u00f3n) orientadas a reconstruir un proyecto de vida sostenible.<\/p>\n\n\n\n<p style=\"margin-top:0px;margin-bottom:0px\"><br>No es, como muchas veces se cree, un lugar de &#8220;aislamiento&#8221; o de &#8220;encierro&#8221;. El objetivo del modelo es trabajar la recuperaci\u00f3n en varios planos a la vez, incluyendo activamente a la familia y al entorno social del paciente.<\/p>\n\n\n\n<h2 class=\"wp-block-heading\" style=\"margin-top:0px;margin-bottom:0px\">C\u00f3mo funciona el modelo socioterap\u00e9utico<\/h2>\n\n\n\n<p style=\"margin-top:0px;margin-bottom:0px\">En el modelo socioterap\u00e9utico, la base del trabajo en la mayor\u00eda de las comunidades terap\u00e9uticas serias, incluida CJE, entiende el consumo problem\u00e1tico como una problem\u00e1tica individual, familiar y social al mismo tiempo. Por eso el abordaje se organiza en tres dimensiones.<\/p>\n\n\n\n<div class=\"wp-block-uagb-advanced-heading uagb-block-8a126575\"><h3 class=\"uagb-heading-text\"><br>Dimensi\u00f3n Individual<\/h3><\/div>\n\n\n\n<p style=\"margin-top:0px;margin-bottom:0px\"><br>Terapia personal con psic\u00f3logos y psiquiatra, orientada a trabajar las causas y consecuencias del consumo en la historia particular de cada paciente, no con un protocolo id\u00e9ntico para todos.<\/p>\n\n\n\n<div class=\"wp-block-uagb-advanced-heading uagb-block-b3e36900\"><h3 class=\"uagb-heading-text\"><br>Dimensi\u00f3n Familiar<\/h3><\/div>\n\n\n\n<p>La red de v\u00ednculos directos (padres, pareja, hermanos) participa del proceso. Un tratamiento que no trabaja con la familia suele tener resultados m\u00e1s fr\u00e1giles una vez que el paciente vuelve a su entorno habitual.<\/p>\n\n\n\n<div class=\"wp-block-uagb-advanced-heading uagb-block-9fac5973\"><h3 class=\"uagb-heading-text\"><br>Dimensi\u00f3n Social<\/h3><\/div>\n\n\n\n<p style=\"margin-top:0px;margin-bottom:0px\"><br>Talleres (arte, teatro, literatura), trabajo social y actividades orientadas a la reinserci\u00f3n laboral y de v\u00ednculos. La meta no es s\u00f3lo interrumpir el consumo: es que la persona pueda sostener, con el tiempo, un proyecto de vida saludable por fuera del tratamiento.<\/p>\n\n\n\n<h2 class=\"wp-block-heading\" style=\"margin-top:0px;margin-bottom:0px\">Por qu\u00e9 la trayectoria de una instituci\u00f3n importa<\/h2>\n\n\n\n<p style=\"margin-top:0px;margin-bottom:0px\">El consumo problem\u00e1tico cambia con cada \u00e9poca y tambi\u00e9n cambian las sustancias, los patrones de consumo y el perfil de quienes consultan. Una instituci\u00f3n con muchos a\u00f1os de trabajo continuo no es garant\u00eda autom\u00e1tica de calidad, pero s\u00ed es una se\u00f1al relevante de dos cosas: que el modelo se revis\u00f3 y actualiz\u00f3 muchas veces frente a esos cambios, y que hay una estructura profesional detr\u00e1s capaz de sostenerse en el tiempo, m\u00e1s all\u00e1 de una gesti\u00f3n puntual.<\/p>\n\n\n\n<p>Centro Juvenil Esperanza tiene <strong>m\u00e1s de 40 a\u00f1os de trayectoria<\/strong>: naci\u00f3 a mediados de los a\u00f1os 80\u00b4s de un grupo que se organiz\u00f3 de forma autogestiva, en un momento en que casi no hab\u00eda respuesta gubernamental ni no gubernamental para esta problem\u00e1tica en Argentina. Desde entonces funciona en el barrio de Caballito, en el centro geogr\u00e1fico de la Ciudad de Buenos Aires.<\/p>\n\n\n\n<h2 class=\"wp-block-heading\" style=\"margin-top:0px;margin-bottom:0px\">El rol de la formaci\u00f3n del equipo tratante<\/h2>\n\n\n\n<p style=\"margin-top:0px;margin-bottom:0px\">A la hora de evaluar un centro, la pregunta que menos se hace y probablemente la que m\u00e1s deber\u00eda pesar, es sobre la formaci\u00f3n del equipo. Un tratamiento efectivo depende, en gran parte, de la experiencia y la actualizaci\u00f3n profesional de quienes lo llevan adelante.<\/p>\n\n\n\n<p>En CJE, el equipo est\u00e1 conformado por <strong>17 profesionales<\/strong>: psiquiatras, psic\u00f3logos, trabajadores sociales, operadores socioterap\u00e9uticos y talleristas de arte y teatro. Parte del equipo directivo se form\u00f3 en el <strong>CeIS de Roma<\/strong> y en <strong>Progetto Uomo<\/strong> (Italia), dos referencias internacionales del modelo de comunidad terap\u00e9utica, y son miembros activos de <strong>FONGA<\/strong> y <strong>FLACT<\/strong>, las principales redes que nuclean a especialistas en esta \u00e1rea en Argentina y Latinoam\u00e9rica.<\/p>\n\n\n\n<p>La cantidad de camas tambi\u00e9n es parte de esta decisi\u00f3n: en CJE es reducida de manera deliberada, porque permite sostener un seguimiento individual real de cada paciente y su familia, en lugar de aplicar un mismo programa estandarizado a un volumen grande de personas.<\/p>\n\n\n\n<h2 class=\"wp-block-heading\" style=\"margin-top:0px;margin-bottom:0px\">Preguntas para hacer antes de elegir un centro de tratamiento<\/h2>\n\n\n\n<p style=\"margin-top:0px;margin-bottom:0px\">Elegir un centro para un familiar es una de las decisiones m\u00e1s dif\u00edciles que se toman, muchas veces bajo presi\u00f3n y con poco tiempo. Estas son preguntas concretas que vale la pena hacer antes de decidir:<\/p>\n\n\n\n<ul class=\"wp-block-list\">\n<li>\u00bfC\u00f3mo se adapta el tratamiento a la situaci\u00f3n particular de cada paciente?<\/li>\n\n\n\n<li>\u00bfQu\u00e9 formaci\u00f3n y certificaciones tiene el equipo tratante?<\/li>\n\n\n\n<li>\u00bfEl tratamiento incluye a la familia como parte activa del proceso, o solo al paciente?<\/li>\n\n\n\n<li>\u00bfCu\u00e1ntos a\u00f1os de trayectoria tiene la instituci\u00f3n, y sigue activa la misma direcci\u00f3n?<\/li>\n\n\n\n<li>\u00bfHay transparencia sobre la modalidad de admisi\u00f3n y el proceso completo?<\/li>\n<\/ul>\n\n\n\n<h2 class=\"wp-block-heading\" style=\"margin-top:0px;margin-bottom:0px\">El modelo de Centro Juvenil Esperanza<\/h2>\n\n\n\n<p style=\"margin-top:0px;margin-bottom:0px\">CJE trabaja con pacientes mayores de 18 a\u00f1os, con disponibilidad para personas con recursos propios y de manera privada para afrontar el tratamiento u obra social.<\/p>\n\n\n\n<p style=\"margin-top:0px;margin-bottom:0px\">El programa combina terapia individual, terapia grupal y talleres, con seguimiento tanto del paciente como de su red familiar directa, bajo la direcci\u00f3n de Rub\u00e9n Buby Gonz\u00e1lez, fundador de la instituci\u00f3n formado en el CeIS de Roma, y un equipo interdisciplinario con m\u00e1s de tres d\u00e9cadas de trabajo conjunto.<\/p>\n\n\n\n<p>Si est\u00e1s evaluando opciones para un familiar y quer\u00e9s conocer en detalle c\u00f3mo trabajamos, pod\u00e9s escribirnos y te acompa\u00f1amos en esa evaluaci\u00f3n, sin compromiso.<\/p>\n\n\n\n<hr class=\"wp-block-separator has-alpha-channel-opacity is-style-wide\"\/>\n\n\n\n<h3 class=\"wp-block-heading\">Preguntas Frecuentes<\/h3>\n\n\n\n<ul class=\"wp-block-list\">\n<li><strong>\u00bfQu\u00e9 diferencia una comunidad terap\u00e9utica de una internaci\u00f3n psiqui\u00e1trica?<\/strong> Una internaci\u00f3n psiqui\u00e1trica suele responder a una urgencia cl\u00ednica puntual y tiene un enfoque m\u00e9dico centrado en la estabilizaci\u00f3n. Una comunidad terap\u00e9utica es un modelo de tratamiento continuo, centrado en la recuperaci\u00f3n del consumo problem\u00e1tico desde lo individual, familiar y social, con participaci\u00f3n activa del paciente y su entorno.<\/li>\n\n\n\n<li><strong>\u00bfLa familia participa del tratamiento en una comunidad terap\u00e9utica?<\/strong> S\u00ed. En el modelo socioterap\u00e9utico que aplica CJE, la familia forma parte activa del proceso, no solo como acompa\u00f1amiento externo sino como parte del trabajo terap\u00e9utico.<\/li>\n\n\n\n<li><strong>\u00bfA qu\u00e9 edad se puede ingresar a un tratamiento en CJE?<\/strong> CJE trabaja con pacientes mayores de 18 a\u00f1os.<\/li>\n\n\n\n<li><strong>\u00bfCJE trabaja con obras sociales o prepagas?<\/strong> S\u00ed, CJE tiene disponibilidad para pacientes con obra social, prepaga o recursos propios para afrontar el tratamiento. Para conocer el detalle seg\u00fan cada caso, se recomienda contactar directamente al centro.<\/li>\n\n\n\n<li><strong>\u00bfPor qu\u00e9 CJE tiene una cantidad reducida de camas?<\/strong> Es una decisi\u00f3n deliberada del centro: un grupo acotado permite sostener un seguimiento individual real de cada paciente y su familia, en lugar de un programa estandarizado para un volumen grande de personas.<\/li>\n<\/ul>\n<\/div><\/div>\n\n\n\n<p><\/p>\n","protected":false},"excerpt":{"rendered":"<p>Qu\u00e9 es una comunidad terap\u00e9utica, c\u00f3mo funciona el modelo de tratamiento y qu\u00e9 preguntar antes de elegir un centro en Buenos Aires. Gu\u00eda para familias.<\/p>\n","protected":false},"author":1,"featured_media":3737,"comment_status":"closed","ping_status":"closed","sticky":false,"template":"","format":"aside","meta":{"_uag_custom_page_level_css":"","site-sidebar-layout":"default","site-content-layout":"","ast-site-content-layout":"default","site-content-style":"default","site-sidebar-style":"default","ast-global-header-display":"","ast-banner-title-visibility":"","ast-main-header-display":"","ast-hfb-above-header-display":"","ast-hfb-below-header-display":"","ast-hfb-mobile-header-display":"","site-post-title":"disabled","ast-breadcrumbs-content":"","ast-featured-img":"","footer-sml-layout":"","theme-transparent-header-meta":"default","adv-header-id-meta":"","stick-header-meta":"","header-above-stick-meta":"","header-main-stick-meta":"","header-below-stick-meta":"","astra-migrate-meta-layouts":"set","ast-page-background-enabled":"default","ast-page-background-meta":{"desktop":{"background-color":"var(--ast-global-color-4)","background-image":"","background-repeat":"repeat","background-position":"center center","background-size":"auto","background-attachment":"scroll","background-type":"","background-media":"","overlay-type":"","overlay-color":"","overlay-opacity":"","overlay-gradient":""},"tablet":{"background-color":"","background-image":"","background-repeat":"repeat","background-position":"center center","background-size":"auto","background-attachment":"scroll","background-type":"","background-media":"","overlay-type":"","overlay-color":"","overlay-opacity":"","overlay-gradient":""},"mobile":{"background-color":"","background-image":"","background-repeat":"repeat","background-position":"center center","background-size":"auto","background-attachment":"scroll","background-type":"","background-media":"","overlay-type":"","overlay-color":"","overlay-opacity":"","overlay-gradient":""}},"ast-content-background-meta":{"desktop":{"background-color":"var(--ast-global-color-5)","background-image":"","background-repeat":"repeat","background-position":"center center","background-size":"auto","background-attachment":"scroll","background-type":"","background-media":"","overlay-type":"","overlay-color":"","overlay-opacity":"","overlay-gradient":""},"tablet":{"background-color":"var(--ast-global-color-5)","background-image":"","background-repeat":"repeat","background-position":"center center","background-size":"auto","background-attachment":"scroll","background-type":"","background-media":"","overlay-type":"","overlay-color":"","overlay-opacity":"","overlay-gradient":""},"mobile":{"background-color":"var(--ast-global-color-5)","background-image":"","background-repeat":"repeat","background-position":"center center","background-size":"auto","background-attachment":"scroll","background-type":"","background-media":"","overlay-type":"","overlay-color":"","overlay-opacity":"","overlay-gradient":""}},"footnotes":""},"categories":[23,24],"tags":[21,18,20,19],"class_list":["post-6928","post","type-post","status-publish","format-aside","has-post-thumbnail","hentry","category-familias-y-acompanamiento","category-tratamiento-recuperacion","tag-como-elegir-un-centro-de-tratamiento-de-consumo","tag-comunidad-terapeutica","tag-comunidad-terapeutica-caballito","tag-tratamiento-de-consumo-problematico-buenos-aires","post_format-post-format-aside"],"uagb_featured_image_src":{"full":["https:\/\/www.programacje.com.ar\/site\/wp-content\/uploads\/2023\/12\/centro-juvenil-esperanza-cje.jpg",1366,817,false],"thumbnail":["https:\/\/www.programacje.com.ar\/site\/wp-content\/uploads\/2023\/12\/centro-juvenil-esperanza-cje-150x150.jpg",150,150,true],"medium":["https:\/\/www.programacje.com.ar\/site\/wp-content\/uploads\/2023\/12\/centro-juvenil-esperanza-cje-300x179.jpg",300,179,true],"medium_large":["https:\/\/www.programacje.com.ar\/site\/wp-content\/uploads\/2023\/12\/centro-juvenil-esperanza-cje-768x459.jpg",768,459,true],"large":["https:\/\/www.programacje.com.ar\/site\/wp-content\/uploads\/2023\/12\/centro-juvenil-esperanza-cje-1024x612.jpg",1024,612,true],"1536x1536":["https:\/\/www.programacje.com.ar\/site\/wp-content\/uploads\/2023\/12\/centro-juvenil-esperanza-cje.jpg",1366,817,false],"2048x2048":["https:\/\/www.programacje.com.ar\/site\/wp-content\/uploads\/2023\/12\/centro-juvenil-esperanza-cje.jpg",1366,817,false]},"uagb_author_info":{"display_name":"Centro Juvenil Esperanza","author_link":"https:\/\/www.programacje.com.ar\/site\/author\/cje-admin\/"},"uagb_comment_info":0,"uagb_excerpt":"Qu\u00e9 es una comunidad terap\u00e9utica, c\u00f3mo funciona el modelo de tratamiento y qu\u00e9 preguntar antes de elegir un centro en Buenos Aires. Gu\u00eda para familias.","_links":{"self":[{"href":"https:\/\/www.programacje.com.ar\/site\/wp-json\/wp\/v2\/posts\/6928","targetHints":{"allow":["GET"]}}],"collection":[{"href":"https:\/\/www.programacje.com.ar\/site\/wp-json\/wp\/v2\/posts"}],"about":[{"href":"https:\/\/www.programacje.com.ar\/site\/wp-json\/wp\/v2\/types\/post"}],"author":[{"embeddable":true,"href":"https:\/\/www.programacje.com.ar\/site\/wp-json\/wp\/v2\/users\/1"}],"replies":[{"embeddable":true,"href":"https:\/\/www.programacje.com.ar\/site\/wp-json\/wp\/v2\/comments?post=6928"}],"version-history":[{"count":7,"href":"https:\/\/www.programacje.com.ar\/site\/wp-json\/wp\/v2\/posts\/6928\/revisions"}],"predecessor-version":[{"id":7062,"href":"https:\/\/www.programacje.com.ar\/site\/wp-json\/wp\/v2\/posts\/6928\/revisions\/7062"}],"wp:featuredmedia":[{"embeddable":true,"href":"https:\/\/www.programacje.com.ar\/site\/wp-json\/wp\/v2\/media\/3737"}],"wp:attachment":[{"href":"https:\/\/www.programacje.com.ar\/site\/wp-json\/wp\/v2\/media?parent=6928"}],"wp:term":[{"taxonomy":"category","embeddable":true,"href":"https:\/\/www.programacje.com.ar\/site\/wp-json\/wp\/v2\/categories?post=6928"},{"taxonomy":"post_tag","embeddable":true,"href":"https:\/\/www.programacje.com.ar\/site\/wp-json\/wp\/v2\/tags?post=6928"}],"curies":[{"name":"wp","href":"https:\/\/api.w.org\/{rel}","templated":true}]}}